{"id":62,"date":"2012-07-01T00:34:46","date_gmt":"2012-06-30T22:34:46","guid":{"rendered":"http:\/\/bremerkinder.de\/?p=62"},"modified":"2012-12-18T00:40:37","modified_gmt":"2012-12-17T22:40:37","slug":"erste-forderung","status":"publish","type":"post","link":"http:\/\/bremerkinder.de\/?p=62","title":{"rendered":"Erste F\u00f6rderung"},"content":{"rendered":"<h3>Im Juli konnten wir das erste Mal zwei Projekte f\u00f6rdern. Auf unserer Mitgliederversammlung haben wir abgestimmt, dass die F\u00f6rdergelder an\u00a0<strong>EPSYMO e. V.<\/strong>\u00a0einen Elternverein f\u00fcr psychomotorische Entwicklungsf\u00f6rderung und an das\u00a0<strong>Geigenensemble Tarantella<\/strong>\u00a0gehen.<\/h3>\n<p>Das\u00a0\u00a0<strong>Geigenensemble Tarantella<\/strong>\u00a0ist ein Projekt f\u00fcr Kinder und Jugendliche im Bremer Stadtteil L\u00fcssum. Das Ensemble setzt sich zusammen aus Kindern und Jugendlichen mit unterschiedlichen kulturellen und sozialen Hintergr\u00fcnden. Die Teilnehmer treffen sich einmal in der Woche und bekommen von einer ausgebildeten Geigenlehrerin kostenlosen Unterricht. Auch die Instrumente stehen den Kindern kostenlos zur Verf\u00fcgung. Das Ensemble tritt in regelm\u00e4\u00dfigen Abst\u00e4nden z. B. bei Stadtteilfesten, in Kirchen oder in Altenheimen auf. Das Projekt zeichnet sich dadurch aus, dass die Kinder sich ohne Leistungsdruck und mit Spa\u00df in einer Gruppe etwas erarbeiten k\u00f6nnen.<\/p>\n<p>Durch unsere Spende kann der Geigenunterricht f\u00fcr weitere sechs Monate finanziert werden.<\/p>\n<p><strong>EPSYMO<\/strong>\u00a0ist eine Einrichtung die F\u00f6rderma\u00dfnahmen f\u00fcr Kinder mit psychomotorischen Entwicklungsst\u00f6rungen anbietet. Betreut werden Kinder die zwischen drei und sechzehn Jahre alt sind und z. B. Bewegungs , Spach- oder Wahrnehmungsst\u00f6rungen aufweisen. Die Kinder treffen sich nach der Schule in kleinen Gruppen. In diesen Gruppen werden die Kinder spielerisch und ohne Leistungsdruck von ausgebildeten P\u00e4dagogInnen betreut.<\/p>\n<p>Weitere Infos auf www.epsymo.de<\/p>\n<p>Dem Elternverein fehlten die Mittel um neues Material zur Bewegungsf\u00f6rderung zu kaufen. Bremerkinder hat die fehlenden Materialen wie z. B. Schwungt\u00fccher und Zeitlupenb\u00e4lle finanziert.<\/p>\n<p>Wir haben uns beide Projekte vor der Finanzierung angeguckt und sind uns sicher, dass die F\u00f6rderung direkt bei den Kindern ankommt und sie in ihrem Entwicklungsprozess unterst\u00fctzt. Nochmals vielen Dank an alle Mitglieder und Spender ohne die es nicht m\u00f6glich gewesen w\u00e4re die Projekte zu unterst\u00fctzen.<\/p>\n<p><img loading=\"lazy\" alt=\"\" src=\"http:\/\/www.bremerkinder.de\/img\/Epsymo.jpg\" width=\"432\" height=\"332\" \/><\/p>\n<p>Die \u00dcbergabe der Materialen an die Kinder bei EPSYMO.<\/p>\n","protected":false},"excerpt":{"rendered":"<p>Im Juli konnten wir das erste Mal zwei Projekte f\u00f6rdern. Auf unserer Mitgliederversammlung haben wir abgestimmt, dass die F\u00f6rdergelder an\u00a0EPSYMO e. V.\u00a0einen Elternverein f\u00fcr psychomotorische Entwicklungsf\u00f6rderung und an das\u00a0Geigenensemble Tarantella\u00a0gehen. Das\u00a0\u00a0Geigenensemble Tarantella\u00a0ist ein Projekt f\u00fcr Kinder und Jugendliche im Bremer Stadtteil L\u00fcssum. Das Ensemble setzt sich zusammen aus Kindern und Jugendlichen mit unterschiedlichen kulturellen und [&hellip;]<\/p>\n","protected":false},"author":1,"featured_media":0,"comment_status":"closed","ping_status":"closed","sticky":false,"template":"","format":"standard","meta":[],"categories":[1],"tags":[],"_links":{"self":[{"href":"http:\/\/bremerkinder.de\/index.php?rest_route=\/wp\/v2\/posts\/62"}],"collection":[{"href":"http:\/\/bremerkinder.de\/index.php?rest_route=\/wp\/v2\/posts"}],"about":[{"href":"http:\/\/bremerkinder.de\/index.php?rest_route=\/wp\/v2\/types\/post"}],"author":[{"embeddable":true,"href":"http:\/\/bremerkinder.de\/index.php?rest_route=\/wp\/v2\/users\/1"}],"replies":[{"embeddable":true,"href":"http:\/\/bremerkinder.de\/index.php?rest_route=%2Fwp%2Fv2%2Fcomments&post=62"}],"version-history":[{"count":5,"href":"http:\/\/bremerkinder.de\/index.php?rest_route=\/wp\/v2\/posts\/62\/revisions"}],"predecessor-version":[{"id":66,"href":"http:\/\/bremerkinder.de\/index.php?rest_route=\/wp\/v2\/posts\/62\/revisions\/66"}],"wp:attachment":[{"href":"http:\/\/bremerkinder.de\/index.php?rest_route=%2Fwp%2Fv2%2Fmedia&parent=62"}],"wp:term":[{"taxonomy":"category","embeddable":true,"href":"http:\/\/bremerkinder.de\/index.php?rest_route=%2Fwp%2Fv2%2Fcategories&post=62"},{"taxonomy":"post_tag","embeddable":true,"href":"http:\/\/bremerkinder.de\/index.php?rest_route=%2Fwp%2Fv2%2Ftags&post=62"}],"curies":[{"name":"wp","href":"https:\/\/api.w.org\/{rel}","templated":true}]}}