{"id":54,"date":"2012-06-16T00:30:55","date_gmt":"2012-06-15T22:30:55","guid":{"rendered":"http:\/\/bremerkinder.de\/?p=54"},"modified":"2012-12-18T00:31:28","modified_gmt":"2012-12-17T22:31:28","slug":"besichtigung-der-forderprojekte","status":"publish","type":"post","link":"http:\/\/bremerkinder.de\/?p=54","title":{"rendered":"Besichtigung der F\u00f6rderprojekte"},"content":{"rendered":"<p>Wir waren am Samstag in dem Haus der Zukunft e.V. und haben uns das Geigenensemble Tarantelle und den EPSYMO e.V. angeguckt.<br \/>\nDie Kinder des Geigenensembles setzen sich zusammen aus Kindern zwischen ca. 7 und 15 Jahren mit verschiedensten kulturellen Hintergr\u00fcnden. Es war sch\u00f6n zu sehen mit wie viel Freude und auch Disziplin die Kinder bei der Sache waren. Einige von ihnen sind schon seit drei Jahren bei den Proben und auch gelegentlichen Auftritten dabei.<br \/>\nAuch bei\u00a0 EPSYMO e.V. wurden wir sehr herzlich willkommen. Die Leiterin und eine Kollegin haben uns die R\u00e4umlichkeiten gezeigt und von der Projektarbeit mit den Kindern erz\u00e4hlt. Der Verein hat grade das 100. Kind aufgenommen.<br \/>\nWir werden umgehen die Sachspenden f\u00fcr EPSYMO bestellen und den weiterf\u00fchrenden Geigenunterricht des Ensembles bezahlen. Bei beiden Projekten haben wir ein sehr gutes Gef\u00fchl und sind \u00fcberzeugt, dass das Geld gut ankommt und sinnvoll eingesetzt wird.<\/p>\n","protected":false},"excerpt":{"rendered":"<p>Wir waren am Samstag in dem Haus der Zukunft e.V. und haben uns das Geigenensemble Tarantelle und den EPSYMO e.V. angeguckt. Die Kinder des Geigenensembles setzen sich zusammen aus Kindern zwischen ca. 7 und 15 Jahren mit verschiedensten kulturellen Hintergr\u00fcnden. Es war sch\u00f6n zu sehen mit wie viel Freude und auch Disziplin die Kinder bei [&hellip;]<\/p>\n","protected":false},"author":1,"featured_media":0,"comment_status":"closed","ping_status":"closed","sticky":false,"template":"","format":"standard","meta":[],"categories":[1],"tags":[],"_links":{"self":[{"href":"http:\/\/bremerkinder.de\/index.php?rest_route=\/wp\/v2\/posts\/54"}],"collection":[{"href":"http:\/\/bremerkinder.de\/index.php?rest_route=\/wp\/v2\/posts"}],"about":[{"href":"http:\/\/bremerkinder.de\/index.php?rest_route=\/wp\/v2\/types\/post"}],"author":[{"embeddable":true,"href":"http:\/\/bremerkinder.de\/index.php?rest_route=\/wp\/v2\/users\/1"}],"replies":[{"embeddable":true,"href":"http:\/\/bremerkinder.de\/index.php?rest_route=%2Fwp%2Fv2%2Fcomments&post=54"}],"version-history":[{"count":1,"href":"http:\/\/bremerkinder.de\/index.php?rest_route=\/wp\/v2\/posts\/54\/revisions"}],"predecessor-version":[{"id":55,"href":"http:\/\/bremerkinder.de\/index.php?rest_route=\/wp\/v2\/posts\/54\/revisions\/55"}],"wp:attachment":[{"href":"http:\/\/bremerkinder.de\/index.php?rest_route=%2Fwp%2Fv2%2Fmedia&parent=54"}],"wp:term":[{"taxonomy":"category","embeddable":true,"href":"http:\/\/bremerkinder.de\/index.php?rest_route=%2Fwp%2Fv2%2Fcategories&post=54"},{"taxonomy":"post_tag","embeddable":true,"href":"http:\/\/bremerkinder.de\/index.php?rest_route=%2Fwp%2Fv2%2Ftags&post=54"}],"curies":[{"name":"wp","href":"https:\/\/api.w.org\/{rel}","templated":true}]}}