{"id":52,"date":"2012-06-02T00:30:19","date_gmt":"2012-06-01T22:30:19","guid":{"rendered":"http:\/\/bremerkinder.de\/?p=52"},"modified":"2012-12-18T14:02:09","modified_gmt":"2012-12-18T13:02:09","slug":"ergebnisse-jahreshauptversammlung","status":"publish","type":"post","link":"http:\/\/bremerkinder.de\/?p=52","title":{"rendered":"Ergebnisse Jahreshauptversammlung"},"content":{"rendered":"<p>1. Der alte Vorstand wurde f\u00fcr das letzte Gesch\u00e4ftsjahr entlastet.<br \/>\n2. Der Vorstand ist f\u00fcr eine weitere Amtsperiode best\u00e4tigt worden.<br \/>\n3. Die Mitglieder haben beschlossen zwei Projekte zu f\u00f6rdern. Die gef\u00f6rderten Projekte sind EPSYMO e.V. und das Geigenensemble Tarantella (Mehr Infos im Protokoll). Die Projekte wurden informiert und es wird beizeiten ein Abstimmungsgespr\u00e4ch mit den Beteiligten geben.<\/p>\n","protected":false},"excerpt":{"rendered":"<p>1. Der alte Vorstand wurde f\u00fcr das letzte Gesch\u00e4ftsjahr entlastet. 2. Der Vorstand ist f\u00fcr eine weitere Amtsperiode best\u00e4tigt worden. 3. Die Mitglieder haben beschlossen zwei Projekte zu f\u00f6rdern. Die gef\u00f6rderten Projekte sind EPSYMO e.V. und das Geigenensemble Tarantella (Mehr Infos im Protokoll). Die Projekte wurden informiert und es wird beizeiten ein Abstimmungsgespr\u00e4ch mit den [&hellip;]<\/p>\n","protected":false},"author":1,"featured_media":0,"comment_status":"closed","ping_status":"closed","sticky":false,"template":"","format":"standard","meta":[],"categories":[1],"tags":[],"_links":{"self":[{"href":"http:\/\/bremerkinder.de\/index.php?rest_route=\/wp\/v2\/posts\/52"}],"collection":[{"href":"http:\/\/bremerkinder.de\/index.php?rest_route=\/wp\/v2\/posts"}],"about":[{"href":"http:\/\/bremerkinder.de\/index.php?rest_route=\/wp\/v2\/types\/post"}],"author":[{"embeddable":true,"href":"http:\/\/bremerkinder.de\/index.php?rest_route=\/wp\/v2\/users\/1"}],"replies":[{"embeddable":true,"href":"http:\/\/bremerkinder.de\/index.php?rest_route=%2Fwp%2Fv2%2Fcomments&post=52"}],"version-history":[{"count":5,"href":"http:\/\/bremerkinder.de\/index.php?rest_route=\/wp\/v2\/posts\/52\/revisions"}],"predecessor-version":[{"id":118,"href":"http:\/\/bremerkinder.de\/index.php?rest_route=\/wp\/v2\/posts\/52\/revisions\/118"}],"wp:attachment":[{"href":"http:\/\/bremerkinder.de\/index.php?rest_route=%2Fwp%2Fv2%2Fmedia&parent=52"}],"wp:term":[{"taxonomy":"category","embeddable":true,"href":"http:\/\/bremerkinder.de\/index.php?rest_route=%2Fwp%2Fv2%2Fcategories&post=52"},{"taxonomy":"post_tag","embeddable":true,"href":"http:\/\/bremerkinder.de\/index.php?rest_route=%2Fwp%2Fv2%2Ftags&post=52"}],"curies":[{"name":"wp","href":"https:\/\/api.w.org\/{rel}","templated":true}]}}