{"id":192,"date":"2013-03-03T14:29:08","date_gmt":"2013-03-03T13:29:08","guid":{"rendered":"http:\/\/bremerkinder.de\/?p=192"},"modified":"2013-03-03T14:42:05","modified_gmt":"2013-03-03T13:42:05","slug":"informelles-treffen-3","status":"publish","type":"post","link":"http:\/\/bremerkinder.de\/?p=192","title":{"rendered":"Informelles Treffen"},"content":{"rendered":"<p>Hallo liebe Mitglieder!<\/p>\n<p>Wir m\u00f6chten Euch herzlich zu einem informellen Treffen einladen.<\/p>\n<p>Wann: \u00a0 \u00a0 \u00a0 \u00a0 \u00a0 \u00a0 \u00a010.04.2013 (19Uhr)<\/p>\n<p>Wo:\u00a0\u00a0\u00a0\u00a0\u00a0\u00a0\u00a0\u00a0\u00a0\u00a0\u00a0\u00a0\u00a0\u00a0\u00a0\u00a0 Restaurant Filz\u00a0(Horner Str. 90, 28203 Bremen)<\/p>\n<p>Das Treffen soll dazu dienen allen Interessierten einen \u00dcberblick \u00fcber die aktuelle Situation und die Planung f\u00fcr 2013 zu geben.<\/p>\n<p>Es sollen die Bewertungskriterien f\u00fcr die zuk\u00fcnftige Projektauswahl diskutiert, sowie der Pressetext f\u00fcr die neue Ausschreibung vorgestellt werden.<\/p>\n<p>Wir freuen uns, wenn Ihr zahlreich kommt.<\/p>\n<p>Viele Gr\u00fc\u00dfe<\/p>\n<p>Robert, Henning, L\u00fcder und Oliver<\/p>\n","protected":false},"excerpt":{"rendered":"<p>Hallo liebe Mitglieder! Wir m\u00f6chten Euch herzlich zu einem informellen Treffen einladen. Wann: \u00a0 \u00a0 \u00a0 \u00a0 \u00a0 \u00a0 \u00a010.04.2013 (19Uhr) Wo:\u00a0\u00a0\u00a0\u00a0\u00a0\u00a0\u00a0\u00a0\u00a0\u00a0\u00a0\u00a0\u00a0\u00a0\u00a0\u00a0 Restaurant Filz\u00a0(Horner Str. 90, 28203 Bremen) Das Treffen soll dazu dienen allen Interessierten einen \u00dcberblick \u00fcber die aktuelle Situation und die Planung f\u00fcr 2013 zu geben. Es sollen die Bewertungskriterien f\u00fcr die zuk\u00fcnftige [&hellip;]<\/p>\n","protected":false},"author":3,"featured_media":0,"comment_status":"closed","ping_status":"closed","sticky":false,"template":"","format":"standard","meta":[],"categories":[1],"tags":[],"_links":{"self":[{"href":"http:\/\/bremerkinder.de\/index.php?rest_route=\/wp\/v2\/posts\/192"}],"collection":[{"href":"http:\/\/bremerkinder.de\/index.php?rest_route=\/wp\/v2\/posts"}],"about":[{"href":"http:\/\/bremerkinder.de\/index.php?rest_route=\/wp\/v2\/types\/post"}],"author":[{"embeddable":true,"href":"http:\/\/bremerkinder.de\/index.php?rest_route=\/wp\/v2\/users\/3"}],"replies":[{"embeddable":true,"href":"http:\/\/bremerkinder.de\/index.php?rest_route=%2Fwp%2Fv2%2Fcomments&post=192"}],"version-history":[{"count":6,"href":"http:\/\/bremerkinder.de\/index.php?rest_route=\/wp\/v2\/posts\/192\/revisions"}],"predecessor-version":[{"id":200,"href":"http:\/\/bremerkinder.de\/index.php?rest_route=\/wp\/v2\/posts\/192\/revisions\/200"}],"wp:attachment":[{"href":"http:\/\/bremerkinder.de\/index.php?rest_route=%2Fwp%2Fv2%2Fmedia&parent=192"}],"wp:term":[{"taxonomy":"category","embeddable":true,"href":"http:\/\/bremerkinder.de\/index.php?rest_route=%2Fwp%2Fv2%2Fcategories&post=192"},{"taxonomy":"post_tag","embeddable":true,"href":"http:\/\/bremerkinder.de\/index.php?rest_route=%2Fwp%2Fv2%2Ftags&post=192"}],"curies":[{"name":"wp","href":"https:\/\/api.w.org\/{rel}","templated":true}]}}